{"id":26216,"count":1,"description":"","link":"https:\/\/blogdoedvaldomagalhaes.com.br\/index.php\/tag\/vereador-cabo-cardoso-solicita-aquisicao-de-veiculo-para-pessoas-em-tratamento-de-hemodialise\/","name":"Vereador Cabo Cardoso solicita aquisi\u00e7\u00e3o de ve\u00edculo para pessoas em tratamento de hemodi\u00e1lise","slug":"vereador-cabo-cardoso-solicita-aquisicao-de-veiculo-para-pessoas-em-tratamento-de-hemodialise","taxonomy":"post_tag","meta":[],"_links":{"self":[{"href":"https:\/\/blogdoedvaldomagalhaes.com.br\/index.php\/wp-json\/wp\/v2\/tags\/26216","targetHints":{"allow":["GET"]}}],"collection":[{"href":"https:\/\/blogdoedvaldomagalhaes.com.br\/index.php\/wp-json\/wp\/v2\/tags"}],"about":[{"href":"https:\/\/blogdoedvaldomagalhaes.com.br\/index.php\/wp-json\/wp\/v2\/taxonomies\/post_tag"}],"wp:post_type":[{"href":"https:\/\/blogdoedvaldomagalhaes.com.br\/index.php\/wp-json\/wp\/v2\/posts?tags=26216"}],"curies":[{"name":"wp","href":"https:\/\/api.w.org\/{rel}","templated":true}]}}