{"id":26198,"count":1,"description":"","link":"https:\/\/blogdoedvaldomagalhaes.com.br\/index.php\/tag\/prefeito-rodrigo-pinheiro-assina-doacao-da-area-destinada-a-construcao-do-colegio-da-pm-em-caruaru\/","name":"Prefeito Rodrigo Pinheiro assina doa\u00e7\u00e3o da \u00e1rea destinada \u00e0 constru\u00e7\u00e3o do Col\u00e9gio da PM em Caruaru","slug":"prefeito-rodrigo-pinheiro-assina-doacao-da-area-destinada-a-construcao-do-colegio-da-pm-em-caruaru","taxonomy":"post_tag","meta":[],"_links":{"self":[{"href":"https:\/\/blogdoedvaldomagalhaes.com.br\/index.php\/wp-json\/wp\/v2\/tags\/26198","targetHints":{"allow":["GET"]}}],"collection":[{"href":"https:\/\/blogdoedvaldomagalhaes.com.br\/index.php\/wp-json\/wp\/v2\/tags"}],"about":[{"href":"https:\/\/blogdoedvaldomagalhaes.com.br\/index.php\/wp-json\/wp\/v2\/taxonomies\/post_tag"}],"wp:post_type":[{"href":"https:\/\/blogdoedvaldomagalhaes.com.br\/index.php\/wp-json\/wp\/v2\/posts?tags=26198"}],"curies":[{"name":"wp","href":"https:\/\/api.w.org\/{rel}","templated":true}]}}