{"id":26137,"count":1,"description":"","link":"https:\/\/blogdoedvaldomagalhaes.com.br\/index.php\/tag\/jorge-quintino-se-reune-com-secretaria-de-educacao-de-caruaru-para-encaminhar-demandas-solicitadas-pela-populacao\/","name":"Jorge Quintino se re\u00fane com Secret\u00e1ria de Educa\u00e7\u00e3o de Caruaru para encaminhar demandas solicitadas pela popula\u00e7\u00e3o","slug":"jorge-quintino-se-reune-com-secretaria-de-educacao-de-caruaru-para-encaminhar-demandas-solicitadas-pela-populacao","taxonomy":"post_tag","meta":[],"_links":{"self":[{"href":"https:\/\/blogdoedvaldomagalhaes.com.br\/index.php\/wp-json\/wp\/v2\/tags\/26137","targetHints":{"allow":["GET"]}}],"collection":[{"href":"https:\/\/blogdoedvaldomagalhaes.com.br\/index.php\/wp-json\/wp\/v2\/tags"}],"about":[{"href":"https:\/\/blogdoedvaldomagalhaes.com.br\/index.php\/wp-json\/wp\/v2\/taxonomies\/post_tag"}],"wp:post_type":[{"href":"https:\/\/blogdoedvaldomagalhaes.com.br\/index.php\/wp-json\/wp\/v2\/posts?tags=26137"}],"curies":[{"name":"wp","href":"https:\/\/api.w.org\/{rel}","templated":true}]}}