{"id":26131,"count":1,"description":"","link":"https:\/\/blogdoedvaldomagalhaes.com.br\/index.php\/tag\/praca-no-bairro-sao-jose-recebe-reparos-apos-solicitacao-do-vereador-mauricio-caruaru\/","name":"Pra\u00e7a no bairro S\u00e3o Jos\u00e9 recebe reparos ap\u00f3s solicita\u00e7\u00e3o do vereador Maur\u00edcio Caruaru","slug":"praca-no-bairro-sao-jose-recebe-reparos-apos-solicitacao-do-vereador-mauricio-caruaru","taxonomy":"post_tag","meta":[],"_links":{"self":[{"href":"https:\/\/blogdoedvaldomagalhaes.com.br\/index.php\/wp-json\/wp\/v2\/tags\/26131","targetHints":{"allow":["GET"]}}],"collection":[{"href":"https:\/\/blogdoedvaldomagalhaes.com.br\/index.php\/wp-json\/wp\/v2\/tags"}],"about":[{"href":"https:\/\/blogdoedvaldomagalhaes.com.br\/index.php\/wp-json\/wp\/v2\/taxonomies\/post_tag"}],"wp:post_type":[{"href":"https:\/\/blogdoedvaldomagalhaes.com.br\/index.php\/wp-json\/wp\/v2\/posts?tags=26131"}],"curies":[{"name":"wp","href":"https:\/\/api.w.org\/{rel}","templated":true}]}}