{"id":26129,"count":1,"description":"","link":"https:\/\/blogdoedvaldomagalhaes.com.br\/index.php\/tag\/caruaru-realiza-vacinacao-antirrabica-e-primeiro-dia-da-campanha-acontece-sabado-26\/","name":"Caruaru realiza vacina\u00e7\u00e3o antirr\u00e1bica e primeiro dia da campanha acontece s\u00e1bado\u00a0(26)","slug":"caruaru-realiza-vacinacao-antirrabica-e-primeiro-dia-da-campanha-acontece-sabado-26","taxonomy":"post_tag","meta":[],"_links":{"self":[{"href":"https:\/\/blogdoedvaldomagalhaes.com.br\/index.php\/wp-json\/wp\/v2\/tags\/26129","targetHints":{"allow":["GET"]}}],"collection":[{"href":"https:\/\/blogdoedvaldomagalhaes.com.br\/index.php\/wp-json\/wp\/v2\/tags"}],"about":[{"href":"https:\/\/blogdoedvaldomagalhaes.com.br\/index.php\/wp-json\/wp\/v2\/taxonomies\/post_tag"}],"wp:post_type":[{"href":"https:\/\/blogdoedvaldomagalhaes.com.br\/index.php\/wp-json\/wp\/v2\/posts?tags=26129"}],"curies":[{"name":"wp","href":"https:\/\/api.w.org\/{rel}","templated":true}]}}