{"id":26124,"count":1,"description":"","link":"https:\/\/blogdoedvaldomagalhaes.com.br\/index.php\/tag\/acao-do-pl-pede-que-tse-decida-sobre-relatorio-das-urnas-no-2-turno-moraes-so-analisara-se-abranger-os-dois-turnos\/","name":"A\u00e7\u00e3o do PL pede que TSE decida sobre relat\u00f3rio das urnas no 2\u00b0 turno; Moraes s\u00f3 analisar\u00e1 se abranger os dois turnos","slug":"acao-do-pl-pede-que-tse-decida-sobre-relatorio-das-urnas-no-2-turno-moraes-so-analisara-se-abranger-os-dois-turnos","taxonomy":"post_tag","meta":[],"_links":{"self":[{"href":"https:\/\/blogdoedvaldomagalhaes.com.br\/index.php\/wp-json\/wp\/v2\/tags\/26124","targetHints":{"allow":["GET"]}}],"collection":[{"href":"https:\/\/blogdoedvaldomagalhaes.com.br\/index.php\/wp-json\/wp\/v2\/tags"}],"about":[{"href":"https:\/\/blogdoedvaldomagalhaes.com.br\/index.php\/wp-json\/wp\/v2\/taxonomies\/post_tag"}],"wp:post_type":[{"href":"https:\/\/blogdoedvaldomagalhaes.com.br\/index.php\/wp-json\/wp\/v2\/posts?tags=26124"}],"curies":[{"name":"wp","href":"https:\/\/api.w.org\/{rel}","templated":true}]}}