{"id":26069,"count":1,"description":"","link":"https:\/\/blogdoedvaldomagalhaes.com.br\/index.php\/tag\/procurado-pelo-nao-pagamento-de-pensao-alimenticia-no-ms-e-detido-pela-prf-em-pe\/","name":"Procurado pelo n\u00e3o pagamento de pens\u00e3o aliment\u00edcia no MS \u00e9 detido pela PRF em PE","slug":"procurado-pelo-nao-pagamento-de-pensao-alimenticia-no-ms-e-detido-pela-prf-em-pe","taxonomy":"post_tag","meta":[],"_links":{"self":[{"href":"https:\/\/blogdoedvaldomagalhaes.com.br\/index.php\/wp-json\/wp\/v2\/tags\/26069","targetHints":{"allow":["GET"]}}],"collection":[{"href":"https:\/\/blogdoedvaldomagalhaes.com.br\/index.php\/wp-json\/wp\/v2\/tags"}],"about":[{"href":"https:\/\/blogdoedvaldomagalhaes.com.br\/index.php\/wp-json\/wp\/v2\/taxonomies\/post_tag"}],"wp:post_type":[{"href":"https:\/\/blogdoedvaldomagalhaes.com.br\/index.php\/wp-json\/wp\/v2\/posts?tags=26069"}],"curies":[{"name":"wp","href":"https:\/\/api.w.org\/{rel}","templated":true}]}}