{"id":26013,"count":1,"description":"","link":"https:\/\/blogdoedvaldomagalhaes.com.br\/index.php\/tag\/caruaru-e-sede-dos-simposios-de-recursos-hidricos-do-nordeste-e-dos-paises-de-lingua-portuguesa\/","name":"Caruaru \u00e9 sede dos Simp\u00f3sios de Recursos H\u00eddricos do Nordeste e dos Pa\u00edses de L\u00edngua Portuguesa","slug":"caruaru-e-sede-dos-simposios-de-recursos-hidricos-do-nordeste-e-dos-paises-de-lingua-portuguesa","taxonomy":"post_tag","meta":[],"_links":{"self":[{"href":"https:\/\/blogdoedvaldomagalhaes.com.br\/index.php\/wp-json\/wp\/v2\/tags\/26013","targetHints":{"allow":["GET"]}}],"collection":[{"href":"https:\/\/blogdoedvaldomagalhaes.com.br\/index.php\/wp-json\/wp\/v2\/tags"}],"about":[{"href":"https:\/\/blogdoedvaldomagalhaes.com.br\/index.php\/wp-json\/wp\/v2\/taxonomies\/post_tag"}],"wp:post_type":[{"href":"https:\/\/blogdoedvaldomagalhaes.com.br\/index.php\/wp-json\/wp\/v2\/posts?tags=26013"}],"curies":[{"name":"wp","href":"https:\/\/api.w.org\/{rel}","templated":true}]}}