{"id":26002,"count":1,"description":"","link":"https:\/\/blogdoedvaldomagalhaes.com.br\/index.php\/tag\/acao-cultural-pernambuco-na-luta-contra-as-drogas-acontece-de-09-a-23-de-novembro-em-gravata\/","name":"A\u00e7\u00e3o Cultural Pernambuco na Luta contra as drogas acontece de 09 a 23 de novembro em Gravat\u00e1","slug":"acao-cultural-pernambuco-na-luta-contra-as-drogas-acontece-de-09-a-23-de-novembro-em-gravata","taxonomy":"post_tag","meta":[],"_links":{"self":[{"href":"https:\/\/blogdoedvaldomagalhaes.com.br\/index.php\/wp-json\/wp\/v2\/tags\/26002","targetHints":{"allow":["GET"]}}],"collection":[{"href":"https:\/\/blogdoedvaldomagalhaes.com.br\/index.php\/wp-json\/wp\/v2\/tags"}],"about":[{"href":"https:\/\/blogdoedvaldomagalhaes.com.br\/index.php\/wp-json\/wp\/v2\/taxonomies\/post_tag"}],"wp:post_type":[{"href":"https:\/\/blogdoedvaldomagalhaes.com.br\/index.php\/wp-json\/wp\/v2\/posts?tags=26002"}],"curies":[{"name":"wp","href":"https:\/\/api.w.org\/{rel}","templated":true}]}}