{"id":25999,"count":1,"description":"","link":"https:\/\/blogdoedvaldomagalhaes.com.br\/index.php\/tag\/igreja-evangelica-assembleia-de-deus-em-pernambuco-comemora-os-90-anos-de-fundacao-da-filial-em-caruaru\/","name":"Igreja Evang\u00e9lica Assembleia de Deus em Pernambuco comemora os 90 anos de funda\u00e7\u00e3o da filial em Caruaru","slug":"igreja-evangelica-assembleia-de-deus-em-pernambuco-comemora-os-90-anos-de-fundacao-da-filial-em-caruaru","taxonomy":"post_tag","meta":[],"_links":{"self":[{"href":"https:\/\/blogdoedvaldomagalhaes.com.br\/index.php\/wp-json\/wp\/v2\/tags\/25999","targetHints":{"allow":["GET"]}}],"collection":[{"href":"https:\/\/blogdoedvaldomagalhaes.com.br\/index.php\/wp-json\/wp\/v2\/tags"}],"about":[{"href":"https:\/\/blogdoedvaldomagalhaes.com.br\/index.php\/wp-json\/wp\/v2\/taxonomies\/post_tag"}],"wp:post_type":[{"href":"https:\/\/blogdoedvaldomagalhaes.com.br\/index.php\/wp-json\/wp\/v2\/posts?tags=25999"}],"curies":[{"name":"wp","href":"https:\/\/api.w.org\/{rel}","templated":true}]}}