{"id":25993,"count":1,"description":"","link":"https:\/\/blogdoedvaldomagalhaes.com.br\/index.php\/tag\/vereador-cabo-cardoso-independente-do-resultado-das-eleicoes-federais-mantem-sua-posicao-conservadora\/","name":"Vereador Cabo Cardoso independente do resultado das elei\u00e7\u00f5es federais mant\u00e9m sua posi\u00e7\u00e3o conservadora","slug":"vereador-cabo-cardoso-independente-do-resultado-das-eleicoes-federais-mantem-sua-posicao-conservadora","taxonomy":"post_tag","meta":[],"_links":{"self":[{"href":"https:\/\/blogdoedvaldomagalhaes.com.br\/index.php\/wp-json\/wp\/v2\/tags\/25993","targetHints":{"allow":["GET"]}}],"collection":[{"href":"https:\/\/blogdoedvaldomagalhaes.com.br\/index.php\/wp-json\/wp\/v2\/tags"}],"about":[{"href":"https:\/\/blogdoedvaldomagalhaes.com.br\/index.php\/wp-json\/wp\/v2\/taxonomies\/post_tag"}],"wp:post_type":[{"href":"https:\/\/blogdoedvaldomagalhaes.com.br\/index.php\/wp-json\/wp\/v2\/posts?tags=25993"}],"curies":[{"name":"wp","href":"https:\/\/api.w.org\/{rel}","templated":true}]}}