{"id":25992,"count":1,"description":"","link":"https:\/\/blogdoedvaldomagalhaes.com.br\/index.php\/tag\/anderson-correia-preside-audiencia-publica-sobre-a-loa-e-ppa-e-destaca-transparencia-para-os-caruaruenses\/","name":"Anderson Correia preside audi\u00eancia p\u00fablica sobre a LOA e PPA e destaca transpar\u00eancia para os caruaruenses","slug":"anderson-correia-preside-audiencia-publica-sobre-a-loa-e-ppa-e-destaca-transparencia-para-os-caruaruenses","taxonomy":"post_tag","meta":[],"_links":{"self":[{"href":"https:\/\/blogdoedvaldomagalhaes.com.br\/index.php\/wp-json\/wp\/v2\/tags\/25992","targetHints":{"allow":["GET"]}}],"collection":[{"href":"https:\/\/blogdoedvaldomagalhaes.com.br\/index.php\/wp-json\/wp\/v2\/tags"}],"about":[{"href":"https:\/\/blogdoedvaldomagalhaes.com.br\/index.php\/wp-json\/wp\/v2\/taxonomies\/post_tag"}],"wp:post_type":[{"href":"https:\/\/blogdoedvaldomagalhaes.com.br\/index.php\/wp-json\/wp\/v2\/posts?tags=25992"}],"curies":[{"name":"wp","href":"https:\/\/api.w.org\/{rel}","templated":true}]}}