{"id":25971,"count":1,"description":"","link":"https:\/\/blogdoedvaldomagalhaes.com.br\/index.php\/tag\/palestra-sobre-o-autocuidado-e-enfrentamento-a-violencia-contra-as-mulheres-sera-realizada-nesta-segunda-31\/","name":"Palestra sobre o autocuidado e enfrentamento \u00e0 viol\u00eancia contra as mulheres ser\u00e1 realizada nesta segunda (31)","slug":"palestra-sobre-o-autocuidado-e-enfrentamento-a-violencia-contra-as-mulheres-sera-realizada-nesta-segunda-31","taxonomy":"post_tag","meta":[],"_links":{"self":[{"href":"https:\/\/blogdoedvaldomagalhaes.com.br\/index.php\/wp-json\/wp\/v2\/tags\/25971","targetHints":{"allow":["GET"]}}],"collection":[{"href":"https:\/\/blogdoedvaldomagalhaes.com.br\/index.php\/wp-json\/wp\/v2\/tags"}],"about":[{"href":"https:\/\/blogdoedvaldomagalhaes.com.br\/index.php\/wp-json\/wp\/v2\/taxonomies\/post_tag"}],"wp:post_type":[{"href":"https:\/\/blogdoedvaldomagalhaes.com.br\/index.php\/wp-json\/wp\/v2\/posts?tags=25971"}],"curies":[{"name":"wp","href":"https:\/\/api.w.org\/{rel}","templated":true}]}}