{"id":25937,"count":1,"description":"","link":"https:\/\/blogdoedvaldomagalhaes.com.br\/index.php\/tag\/fenasp-traz-padre-kelmon-a-caruaru-para-discutir-a-uniao-dos-cristaos-em-defesa-do-brasil\/","name":"Fenasp traz Padre Kelmon \u00e0 Caruaru para discutir a uni\u00e3o dos crist\u00e3os em defesa do Brasil","slug":"fenasp-traz-padre-kelmon-a-caruaru-para-discutir-a-uniao-dos-cristaos-em-defesa-do-brasil","taxonomy":"post_tag","meta":[],"_links":{"self":[{"href":"https:\/\/blogdoedvaldomagalhaes.com.br\/index.php\/wp-json\/wp\/v2\/tags\/25937","targetHints":{"allow":["GET"]}}],"collection":[{"href":"https:\/\/blogdoedvaldomagalhaes.com.br\/index.php\/wp-json\/wp\/v2\/tags"}],"about":[{"href":"https:\/\/blogdoedvaldomagalhaes.com.br\/index.php\/wp-json\/wp\/v2\/taxonomies\/post_tag"}],"wp:post_type":[{"href":"https:\/\/blogdoedvaldomagalhaes.com.br\/index.php\/wp-json\/wp\/v2\/posts?tags=25937"}],"curies":[{"name":"wp","href":"https:\/\/api.w.org\/{rel}","templated":true}]}}