{"id":25926,"count":1,"description":"","link":"https:\/\/blogdoedvaldomagalhaes.com.br\/index.php\/tag\/campanha-de-raquel-entra-com-interpelacao-criminal-contra-marilia-por-associar-morte-de-adolescente-na-funase-a-candidata-do-psdb\/","name":"Campanha de Raquel entra com interpela\u00e7\u00e3o criminal contra Mar\u00edlia por associar morte de adolescente na Funase \u00e0 candidata do PSDB","slug":"campanha-de-raquel-entra-com-interpelacao-criminal-contra-marilia-por-associar-morte-de-adolescente-na-funase-a-candidata-do-psdb","taxonomy":"post_tag","meta":[],"_links":{"self":[{"href":"https:\/\/blogdoedvaldomagalhaes.com.br\/index.php\/wp-json\/wp\/v2\/tags\/25926","targetHints":{"allow":["GET"]}}],"collection":[{"href":"https:\/\/blogdoedvaldomagalhaes.com.br\/index.php\/wp-json\/wp\/v2\/tags"}],"about":[{"href":"https:\/\/blogdoedvaldomagalhaes.com.br\/index.php\/wp-json\/wp\/v2\/taxonomies\/post_tag"}],"wp:post_type":[{"href":"https:\/\/blogdoedvaldomagalhaes.com.br\/index.php\/wp-json\/wp\/v2\/posts?tags=25926"}],"curies":[{"name":"wp","href":"https:\/\/api.w.org\/{rel}","templated":true}]}}