{"id":259,"count":1,"description":"","link":"https:\/\/blogdoedvaldomagalhaes.com.br\/index.php\/tag\/visibilidade-trans-sera-celebrada-com-mutirao-de-cadastramento-de-programas-sociais-e-intervencoes-em-caruar\/","name":"Visibilidade trans ser\u00e1 celebrada com mutir\u00e3o de cadastramento de programas sociais e interven\u00e7\u00f5es em Caruar","slug":"visibilidade-trans-sera-celebrada-com-mutirao-de-cadastramento-de-programas-sociais-e-intervencoes-em-caruar","taxonomy":"post_tag","meta":[],"_links":{"self":[{"href":"https:\/\/blogdoedvaldomagalhaes.com.br\/index.php\/wp-json\/wp\/v2\/tags\/259","targetHints":{"allow":["GET"]}}],"collection":[{"href":"https:\/\/blogdoedvaldomagalhaes.com.br\/index.php\/wp-json\/wp\/v2\/tags"}],"about":[{"href":"https:\/\/blogdoedvaldomagalhaes.com.br\/index.php\/wp-json\/wp\/v2\/taxonomies\/post_tag"}],"wp:post_type":[{"href":"https:\/\/blogdoedvaldomagalhaes.com.br\/index.php\/wp-json\/wp\/v2\/posts?tags=259"}],"curies":[{"name":"wp","href":"https:\/\/api.w.org\/{rel}","templated":true}]}}