{"id":25854,"count":1,"description":"","link":"https:\/\/blogdoedvaldomagalhaes.com.br\/index.php\/tag\/criancas-e-adolescentes-de-bairros-do-recife-em-situacao-de-vulnerabilidade-social-vao-para-sessao-de-cinema-na-19a-semana-da-crianca-abrasel-pe\/","name":"Crian\u00e7as e adolescentes de Bairros do Recife em situa\u00e7\u00e3o de vulnerabilidade social v\u00e3o para sess\u00e3o de cinema na 19\u00aa Semana da Crian\u00e7a Abrasel PE","slug":"criancas-e-adolescentes-de-bairros-do-recife-em-situacao-de-vulnerabilidade-social-vao-para-sessao-de-cinema-na-19a-semana-da-crianca-abrasel-pe","taxonomy":"post_tag","meta":[],"_links":{"self":[{"href":"https:\/\/blogdoedvaldomagalhaes.com.br\/index.php\/wp-json\/wp\/v2\/tags\/25854","targetHints":{"allow":["GET"]}}],"collection":[{"href":"https:\/\/blogdoedvaldomagalhaes.com.br\/index.php\/wp-json\/wp\/v2\/tags"}],"about":[{"href":"https:\/\/blogdoedvaldomagalhaes.com.br\/index.php\/wp-json\/wp\/v2\/taxonomies\/post_tag"}],"wp:post_type":[{"href":"https:\/\/blogdoedvaldomagalhaes.com.br\/index.php\/wp-json\/wp\/v2\/posts?tags=25854"}],"curies":[{"name":"wp","href":"https:\/\/api.w.org\/{rel}","templated":true}]}}