{"id":25849,"count":1,"description":"","link":"https:\/\/blogdoedvaldomagalhaes.com.br\/index.php\/tag\/o-dia-em-que-lula-ganhar-as-eleicoes-sera-o-mesmo-dia-em-que-marilia-vai-ganhar-em-pernambuco-e-ser-governadora-crava-lula-durante-ato-no-patio-do-carmo\/","name":"&quot;O dia em que Lula ganhar as elei\u00e7\u00f5es ser\u00e1 o mesmo dia em que Mar\u00edlia vai ganhar em Pernambuco e ser governadora&quot; crava Lula durante ato no P\u00e1tio do Carmo","slug":"o-dia-em-que-lula-ganhar-as-eleicoes-sera-o-mesmo-dia-em-que-marilia-vai-ganhar-em-pernambuco-e-ser-governadora-crava-lula-durante-ato-no-patio-do-carmo","taxonomy":"post_tag","meta":[],"_links":{"self":[{"href":"https:\/\/blogdoedvaldomagalhaes.com.br\/index.php\/wp-json\/wp\/v2\/tags\/25849","targetHints":{"allow":["GET"]}}],"collection":[{"href":"https:\/\/blogdoedvaldomagalhaes.com.br\/index.php\/wp-json\/wp\/v2\/tags"}],"about":[{"href":"https:\/\/blogdoedvaldomagalhaes.com.br\/index.php\/wp-json\/wp\/v2\/taxonomies\/post_tag"}],"wp:post_type":[{"href":"https:\/\/blogdoedvaldomagalhaes.com.br\/index.php\/wp-json\/wp\/v2\/posts?tags=25849"}],"curies":[{"name":"wp","href":"https:\/\/api.w.org\/{rel}","templated":true}]}}