{"id":25839,"count":1,"description":"","link":"https:\/\/blogdoedvaldomagalhaes.com.br\/index.php\/tag\/confira-o-que-abre-e-fecha-em-caruaru-segunda-17-dia-do-comerciario-professor-e-da-construcao-civil\/","name":"Confira o que abre e fecha em Caruaru segunda (17) dia do comerci\u00e1rio professor e da constru\u00e7\u00e3o civil","slug":"confira-o-que-abre-e-fecha-em-caruaru-segunda-17-dia-do-comerciario-professor-e-da-construcao-civil","taxonomy":"post_tag","meta":[],"_links":{"self":[{"href":"https:\/\/blogdoedvaldomagalhaes.com.br\/index.php\/wp-json\/wp\/v2\/tags\/25839","targetHints":{"allow":["GET"]}}],"collection":[{"href":"https:\/\/blogdoedvaldomagalhaes.com.br\/index.php\/wp-json\/wp\/v2\/tags"}],"about":[{"href":"https:\/\/blogdoedvaldomagalhaes.com.br\/index.php\/wp-json\/wp\/v2\/taxonomies\/post_tag"}],"wp:post_type":[{"href":"https:\/\/blogdoedvaldomagalhaes.com.br\/index.php\/wp-json\/wp\/v2\/posts?tags=25839"}],"curies":[{"name":"wp","href":"https:\/\/api.w.org\/{rel}","templated":true}]}}