{"id":25799,"count":1,"description":"","link":"https:\/\/blogdoedvaldomagalhaes.com.br\/index.php\/tag\/abertura-da-xx-edicao-dos-jogos-escolares-municipais-de-caruaru-e-do-viii-jogos-universitarios-de-caruaru\/","name":"Abertura da XX edi\u00e7\u00e3o dos Jogos Escolares Municipais de Caruaru e do VIII Jogos Universit\u00e1rios de Caruaru","slug":"abertura-da-xx-edicao-dos-jogos-escolares-municipais-de-caruaru-e-do-viii-jogos-universitarios-de-caruaru","taxonomy":"post_tag","meta":[],"_links":{"self":[{"href":"https:\/\/blogdoedvaldomagalhaes.com.br\/index.php\/wp-json\/wp\/v2\/tags\/25799","targetHints":{"allow":["GET"]}}],"collection":[{"href":"https:\/\/blogdoedvaldomagalhaes.com.br\/index.php\/wp-json\/wp\/v2\/tags"}],"about":[{"href":"https:\/\/blogdoedvaldomagalhaes.com.br\/index.php\/wp-json\/wp\/v2\/taxonomies\/post_tag"}],"wp:post_type":[{"href":"https:\/\/blogdoedvaldomagalhaes.com.br\/index.php\/wp-json\/wp\/v2\/posts?tags=25799"}],"curies":[{"name":"wp","href":"https:\/\/api.w.org\/{rel}","templated":true}]}}