{"id":25796,"count":1,"description":"","link":"https:\/\/blogdoedvaldomagalhaes.com.br\/index.php\/tag\/mais-de-150-liderancas-politicas-e-dezenas-de-entidades-declaram-apoio-a-marilia-arraes-na-primeira-semana-do-2-turno\/","name":"Mais de 150 lideran\u00e7as pol\u00edticas e dezenas de entidades declaram apoio a Mar\u00edlia Arraes na primeira semana do 2\u00b0 turno","slug":"mais-de-150-liderancas-politicas-e-dezenas-de-entidades-declaram-apoio-a-marilia-arraes-na-primeira-semana-do-2-turno","taxonomy":"post_tag","meta":[],"_links":{"self":[{"href":"https:\/\/blogdoedvaldomagalhaes.com.br\/index.php\/wp-json\/wp\/v2\/tags\/25796","targetHints":{"allow":["GET"]}}],"collection":[{"href":"https:\/\/blogdoedvaldomagalhaes.com.br\/index.php\/wp-json\/wp\/v2\/tags"}],"about":[{"href":"https:\/\/blogdoedvaldomagalhaes.com.br\/index.php\/wp-json\/wp\/v2\/taxonomies\/post_tag"}],"wp:post_type":[{"href":"https:\/\/blogdoedvaldomagalhaes.com.br\/index.php\/wp-json\/wp\/v2\/posts?tags=25796"}],"curies":[{"name":"wp","href":"https:\/\/api.w.org\/{rel}","templated":true}]}}