{"id":25766,"count":1,"description":"","link":"https:\/\/blogdoedvaldomagalhaes.com.br\/index.php\/tag\/vitoria-da-causa-animal-plano-plurianual-traz-hospital-publico-veterinario-e-ampliacao-da-ame-animal-requerimentos-de-fagner-fernandes\/","name":"Vit\u00f3ria da causa animal: plano plurianual traz hospital p\u00fablico veterin\u00e1rio e amplia\u00e7\u00e3o da Ame Animal requerimentos de Fagner Fernandes","slug":"vitoria-da-causa-animal-plano-plurianual-traz-hospital-publico-veterinario-e-ampliacao-da-ame-animal-requerimentos-de-fagner-fernandes","taxonomy":"post_tag","meta":[],"_links":{"self":[{"href":"https:\/\/blogdoedvaldomagalhaes.com.br\/index.php\/wp-json\/wp\/v2\/tags\/25766","targetHints":{"allow":["GET"]}}],"collection":[{"href":"https:\/\/blogdoedvaldomagalhaes.com.br\/index.php\/wp-json\/wp\/v2\/tags"}],"about":[{"href":"https:\/\/blogdoedvaldomagalhaes.com.br\/index.php\/wp-json\/wp\/v2\/taxonomies\/post_tag"}],"wp:post_type":[{"href":"https:\/\/blogdoedvaldomagalhaes.com.br\/index.php\/wp-json\/wp\/v2\/posts?tags=25766"}],"curies":[{"name":"wp","href":"https:\/\/api.w.org\/{rel}","templated":true}]}}