{"id":25171,"count":1,"description":"","link":"https:\/\/blogdoedvaldomagalhaes.com.br\/index.php\/tag\/marilia-arraes-participa-do-lancamento-da-pre-candidatura-de-armandinho-dantas-a-deputado-estadual-em-caruaru\/","name":"Mar\u00edlia Arraes participa do lan\u00e7amento da pr\u00e9-candidatura de Armandinho Dantas a deputado estadual em Caruaru","slug":"marilia-arraes-participa-do-lancamento-da-pre-candidatura-de-armandinho-dantas-a-deputado-estadual-em-caruaru","taxonomy":"post_tag","meta":[],"_links":{"self":[{"href":"https:\/\/blogdoedvaldomagalhaes.com.br\/index.php\/wp-json\/wp\/v2\/tags\/25171","targetHints":{"allow":["GET"]}}],"collection":[{"href":"https:\/\/blogdoedvaldomagalhaes.com.br\/index.php\/wp-json\/wp\/v2\/tags"}],"about":[{"href":"https:\/\/blogdoedvaldomagalhaes.com.br\/index.php\/wp-json\/wp\/v2\/taxonomies\/post_tag"}],"wp:post_type":[{"href":"https:\/\/blogdoedvaldomagalhaes.com.br\/index.php\/wp-json\/wp\/v2\/posts?tags=25171"}],"curies":[{"name":"wp","href":"https:\/\/api.w.org\/{rel}","templated":true}]}}