{"id":25155,"count":1,"description":"","link":"https:\/\/blogdoedvaldomagalhaes.com.br\/index.php\/tag\/raquel-lyra-anuncia-priscila-krause-na-vaga-de-vice-e-convencao-oficializa-chapa-sabado-30\/","name":"Raquel Lyra anuncia Priscila Krause na vaga de vice e conven\u00e7\u00e3o oficializa chapa s\u00e1bado (30)","slug":"raquel-lyra-anuncia-priscila-krause-na-vaga-de-vice-e-convencao-oficializa-chapa-sabado-30","taxonomy":"post_tag","meta":[],"_links":{"self":[{"href":"https:\/\/blogdoedvaldomagalhaes.com.br\/index.php\/wp-json\/wp\/v2\/tags\/25155","targetHints":{"allow":["GET"]}}],"collection":[{"href":"https:\/\/blogdoedvaldomagalhaes.com.br\/index.php\/wp-json\/wp\/v2\/tags"}],"about":[{"href":"https:\/\/blogdoedvaldomagalhaes.com.br\/index.php\/wp-json\/wp\/v2\/taxonomies\/post_tag"}],"wp:post_type":[{"href":"https:\/\/blogdoedvaldomagalhaes.com.br\/index.php\/wp-json\/wp\/v2\/posts?tags=25155"}],"curies":[{"name":"wp","href":"https:\/\/api.w.org\/{rel}","templated":true}]}}