{"id":25137,"count":1,"description":"","link":"https:\/\/blogdoedvaldomagalhaes.com.br\/index.php\/tag\/tony-gel-comemora-inicio-das-obras-para-implantacao-de-nova-rede-de-abastecimento-de-agua-nas-vilas-de-manicoba-e-serrote-dos-bois\/","name":"Tony Gel comemora in\u00edcio das obras para implanta\u00e7\u00e3o de nova rede de abastecimento de \u00e1gua nas Vilas de Mani\u00e7oba e Serrote dos Bois","slug":"tony-gel-comemora-inicio-das-obras-para-implantacao-de-nova-rede-de-abastecimento-de-agua-nas-vilas-de-manicoba-e-serrote-dos-bois","taxonomy":"post_tag","meta":[],"_links":{"self":[{"href":"https:\/\/blogdoedvaldomagalhaes.com.br\/index.php\/wp-json\/wp\/v2\/tags\/25137","targetHints":{"allow":["GET"]}}],"collection":[{"href":"https:\/\/blogdoedvaldomagalhaes.com.br\/index.php\/wp-json\/wp\/v2\/tags"}],"about":[{"href":"https:\/\/blogdoedvaldomagalhaes.com.br\/index.php\/wp-json\/wp\/v2\/taxonomies\/post_tag"}],"wp:post_type":[{"href":"https:\/\/blogdoedvaldomagalhaes.com.br\/index.php\/wp-json\/wp\/v2\/posts?tags=25137"}],"curies":[{"name":"wp","href":"https:\/\/api.w.org\/{rel}","templated":true}]}}