{"id":25050,"count":1,"description":"","link":"https:\/\/blogdoedvaldomagalhaes.com.br\/index.php\/tag\/tony-gel-comemora-inicio-das-obras-para-construcao-de-nova-quadra-poliesportiva-na-escola-felisberto-de-carvalho-no-vassoural\/","name":"Tony Gel comemora in\u00edcio das obras para constru\u00e7\u00e3o de nova quadra poliesportiva na Escola Felisberto de Carvalho no Vassoural","slug":"tony-gel-comemora-inicio-das-obras-para-construcao-de-nova-quadra-poliesportiva-na-escola-felisberto-de-carvalho-no-vassoural","taxonomy":"post_tag","meta":[],"_links":{"self":[{"href":"https:\/\/blogdoedvaldomagalhaes.com.br\/index.php\/wp-json\/wp\/v2\/tags\/25050","targetHints":{"allow":["GET"]}}],"collection":[{"href":"https:\/\/blogdoedvaldomagalhaes.com.br\/index.php\/wp-json\/wp\/v2\/tags"}],"about":[{"href":"https:\/\/blogdoedvaldomagalhaes.com.br\/index.php\/wp-json\/wp\/v2\/taxonomies\/post_tag"}],"wp:post_type":[{"href":"https:\/\/blogdoedvaldomagalhaes.com.br\/index.php\/wp-json\/wp\/v2\/posts?tags=25050"}],"curies":[{"name":"wp","href":"https:\/\/api.w.org\/{rel}","templated":true}]}}