{"id":250,"count":2,"description":"","link":"https:\/\/blogdoedvaldomagalhaes.com.br\/index.php\/tag\/faculdade-na-comunidade-leva-servicos-de-saude-gratuitos-a-populacao-nesta-quarta-feira-26\/","name":"\u2019Faculdade na Comunidade\u2019\u2019 leva servi\u00e7os de sa\u00fade gratuitos \u00e0 popula\u00e7\u00e3o nesta quarta-feira (26)","slug":"faculdade-na-comunidade-leva-servicos-de-saude-gratuitos-a-populacao-nesta-quarta-feira-26","taxonomy":"post_tag","meta":[],"_links":{"self":[{"href":"https:\/\/blogdoedvaldomagalhaes.com.br\/index.php\/wp-json\/wp\/v2\/tags\/250","targetHints":{"allow":["GET"]}}],"collection":[{"href":"https:\/\/blogdoedvaldomagalhaes.com.br\/index.php\/wp-json\/wp\/v2\/tags"}],"about":[{"href":"https:\/\/blogdoedvaldomagalhaes.com.br\/index.php\/wp-json\/wp\/v2\/taxonomies\/post_tag"}],"wp:post_type":[{"href":"https:\/\/blogdoedvaldomagalhaes.com.br\/index.php\/wp-json\/wp\/v2\/posts?tags=250"}],"curies":[{"name":"wp","href":"https:\/\/api.w.org\/{rel}","templated":true}]}}