{"id":24905,"count":1,"description":"","link":"https:\/\/blogdoedvaldomagalhaes.com.br\/index.php\/tag\/propositura-do-vereador-cabo-cardoso-e-sancionada-de-doacao-do-terreno-para-o-colegio-militar\/","name":"Propositura do vereador Cabo Cardoso \u00e9 sancionada de doa\u00e7\u00e3o do terreno para o Col\u00e9gio Militar","slug":"propositura-do-vereador-cabo-cardoso-e-sancionada-de-doacao-do-terreno-para-o-colegio-militar","taxonomy":"post_tag","meta":[],"_links":{"self":[{"href":"https:\/\/blogdoedvaldomagalhaes.com.br\/index.php\/wp-json\/wp\/v2\/tags\/24905","targetHints":{"allow":["GET"]}}],"collection":[{"href":"https:\/\/blogdoedvaldomagalhaes.com.br\/index.php\/wp-json\/wp\/v2\/tags"}],"about":[{"href":"https:\/\/blogdoedvaldomagalhaes.com.br\/index.php\/wp-json\/wp\/v2\/taxonomies\/post_tag"}],"wp:post_type":[{"href":"https:\/\/blogdoedvaldomagalhaes.com.br\/index.php\/wp-json\/wp\/v2\/posts?tags=24905"}],"curies":[{"name":"wp","href":"https:\/\/api.w.org\/{rel}","templated":true}]}}