{"id":24846,"count":1,"description":"","link":"https:\/\/blogdoedvaldomagalhaes.com.br\/index.php\/tag\/vereador-jorge-quintino-destaca-avanco-do-poder-executivo-em-relacao-ao-concurso-publico-para-professores-de-caruaru\/","name":"Vereador Jorge Quintino destaca avan\u00e7o do Poder Executivo em rela\u00e7\u00e3o ao Concurso P\u00fablico para professores de Caruaru","slug":"vereador-jorge-quintino-destaca-avanco-do-poder-executivo-em-relacao-ao-concurso-publico-para-professores-de-caruaru","taxonomy":"post_tag","meta":[],"_links":{"self":[{"href":"https:\/\/blogdoedvaldomagalhaes.com.br\/index.php\/wp-json\/wp\/v2\/tags\/24846","targetHints":{"allow":["GET"]}}],"collection":[{"href":"https:\/\/blogdoedvaldomagalhaes.com.br\/index.php\/wp-json\/wp\/v2\/tags"}],"about":[{"href":"https:\/\/blogdoedvaldomagalhaes.com.br\/index.php\/wp-json\/wp\/v2\/taxonomies\/post_tag"}],"wp:post_type":[{"href":"https:\/\/blogdoedvaldomagalhaes.com.br\/index.php\/wp-json\/wp\/v2\/posts?tags=24846"}],"curies":[{"name":"wp","href":"https:\/\/api.w.org\/{rel}","templated":true}]}}