{"id":24632,"count":1,"description":"","link":"https:\/\/blogdoedvaldomagalhaes.com.br\/index.php\/tag\/aniversario-de-caruaru-165-anos-pre-sao-joao-marcara-as-comemoracoes-em-alusao-a-data\/","name":"Anivers\u00e1rio de Caruaru 165 anos: Pr\u00e9-S\u00e3o Jo\u00e3o marcar\u00e1 as comemora\u00e7\u00f5es em alus\u00e3o a data","slug":"aniversario-de-caruaru-165-anos-pre-sao-joao-marcara-as-comemoracoes-em-alusao-a-data","taxonomy":"post_tag","meta":[],"_links":{"self":[{"href":"https:\/\/blogdoedvaldomagalhaes.com.br\/index.php\/wp-json\/wp\/v2\/tags\/24632","targetHints":{"allow":["GET"]}}],"collection":[{"href":"https:\/\/blogdoedvaldomagalhaes.com.br\/index.php\/wp-json\/wp\/v2\/tags"}],"about":[{"href":"https:\/\/blogdoedvaldomagalhaes.com.br\/index.php\/wp-json\/wp\/v2\/taxonomies\/post_tag"}],"wp:post_type":[{"href":"https:\/\/blogdoedvaldomagalhaes.com.br\/index.php\/wp-json\/wp\/v2\/posts?tags=24632"}],"curies":[{"name":"wp","href":"https:\/\/api.w.org\/{rel}","templated":true}]}}