{"id":24523,"count":1,"description":"","link":"https:\/\/blogdoedvaldomagalhaes.com.br\/index.php\/tag\/tony-gel-pede-ao-comando-da-pm-que-reveja-decisao-que-proibe-a-entrada-de-radios-de-pilha-nos-estadios-de-futebol\/","name":"Tony Gel pede ao comando da PM que reveja decis\u00e3o que pro\u00edbe a entrada de r\u00e1dios de pilha nos est\u00e1dios de futebol","slug":"tony-gel-pede-ao-comando-da-pm-que-reveja-decisao-que-proibe-a-entrada-de-radios-de-pilha-nos-estadios-de-futebol","taxonomy":"post_tag","meta":[],"_links":{"self":[{"href":"https:\/\/blogdoedvaldomagalhaes.com.br\/index.php\/wp-json\/wp\/v2\/tags\/24523","targetHints":{"allow":["GET"]}}],"collection":[{"href":"https:\/\/blogdoedvaldomagalhaes.com.br\/index.php\/wp-json\/wp\/v2\/tags"}],"about":[{"href":"https:\/\/blogdoedvaldomagalhaes.com.br\/index.php\/wp-json\/wp\/v2\/taxonomies\/post_tag"}],"wp:post_type":[{"href":"https:\/\/blogdoedvaldomagalhaes.com.br\/index.php\/wp-json\/wp\/v2\/posts?tags=24523"}],"curies":[{"name":"wp","href":"https:\/\/api.w.org\/{rel}","templated":true}]}}