{"id":24514,"count":1,"description":"","link":"https:\/\/blogdoedvaldomagalhaes.com.br\/index.php\/tag\/a-importancia-do-jovem-na-politica-sera-tema-de-audiencia-publica-na-camara-de-vereadores-de-caruaru\/","name":"A Import\u00e2ncia do Jovem na Pol\u00edtica\u201d ser\u00e1 tema de Audi\u00eancia P\u00fablica na C\u00e2mara de Vereadores de Caruaru","slug":"a-importancia-do-jovem-na-politica-sera-tema-de-audiencia-publica-na-camara-de-vereadores-de-caruaru","taxonomy":"post_tag","meta":[],"_links":{"self":[{"href":"https:\/\/blogdoedvaldomagalhaes.com.br\/index.php\/wp-json\/wp\/v2\/tags\/24514","targetHints":{"allow":["GET"]}}],"collection":[{"href":"https:\/\/blogdoedvaldomagalhaes.com.br\/index.php\/wp-json\/wp\/v2\/tags"}],"about":[{"href":"https:\/\/blogdoedvaldomagalhaes.com.br\/index.php\/wp-json\/wp\/v2\/taxonomies\/post_tag"}],"wp:post_type":[{"href":"https:\/\/blogdoedvaldomagalhaes.com.br\/index.php\/wp-json\/wp\/v2\/posts?tags=24514"}],"curies":[{"name":"wp","href":"https:\/\/api.w.org\/{rel}","templated":true}]}}