{"id":24499,"count":1,"description":"","link":"https:\/\/blogdoedvaldomagalhaes.com.br\/index.php\/tag\/vagas-de-trabalho-para-egressos-do-sistema-prisional-serao-discutidas-pela-oab-caruaru-e-instituicoes\/","name":"Vagas de trabalho para egressos do Sistema Prisional ser\u00e3o discutidas pela OAB Caruaru e institui\u00e7\u00f5es","slug":"vagas-de-trabalho-para-egressos-do-sistema-prisional-serao-discutidas-pela-oab-caruaru-e-instituicoes","taxonomy":"post_tag","meta":[],"_links":{"self":[{"href":"https:\/\/blogdoedvaldomagalhaes.com.br\/index.php\/wp-json\/wp\/v2\/tags\/24499","targetHints":{"allow":["GET"]}}],"collection":[{"href":"https:\/\/blogdoedvaldomagalhaes.com.br\/index.php\/wp-json\/wp\/v2\/tags"}],"about":[{"href":"https:\/\/blogdoedvaldomagalhaes.com.br\/index.php\/wp-json\/wp\/v2\/taxonomies\/post_tag"}],"wp:post_type":[{"href":"https:\/\/blogdoedvaldomagalhaes.com.br\/index.php\/wp-json\/wp\/v2\/posts?tags=24499"}],"curies":[{"name":"wp","href":"https:\/\/api.w.org\/{rel}","templated":true}]}}