{"id":24496,"count":1,"description":"","link":"https:\/\/blogdoedvaldomagalhaes.com.br\/index.php\/tag\/pl-do-vereador-irmao-ronaldo-pede-assistencia-psicologica-e-social-aos-alunos-vitima-de-bullying\/","name":"PL do vereador Irm\u00e3o Ronaldo pede assist\u00eancia psicol\u00f3gica e social aos alunos vitima de Bullying","slug":"pl-do-vereador-irmao-ronaldo-pede-assistencia-psicologica-e-social-aos-alunos-vitima-de-bullying","taxonomy":"post_tag","meta":[],"_links":{"self":[{"href":"https:\/\/blogdoedvaldomagalhaes.com.br\/index.php\/wp-json\/wp\/v2\/tags\/24496","targetHints":{"allow":["GET"]}}],"collection":[{"href":"https:\/\/blogdoedvaldomagalhaes.com.br\/index.php\/wp-json\/wp\/v2\/tags"}],"about":[{"href":"https:\/\/blogdoedvaldomagalhaes.com.br\/index.php\/wp-json\/wp\/v2\/taxonomies\/post_tag"}],"wp:post_type":[{"href":"https:\/\/blogdoedvaldomagalhaes.com.br\/index.php\/wp-json\/wp\/v2\/posts?tags=24496"}],"curies":[{"name":"wp","href":"https:\/\/api.w.org\/{rel}","templated":true}]}}