{"id":24420,"count":1,"description":"","link":"https:\/\/blogdoedvaldomagalhaes.com.br\/index.php\/tag\/espetaculo-da-paixao-de-cristo-sera-encenado-na-estacao-ferroviaria-nesta-sexta-feira-santa-15\/","name":"Espet\u00e1culo da Paix\u00e3o de Cristo ser\u00e1 encenado na Esta\u00e7\u00e3o Ferrovi\u00e1ria nesta Sexta-Feira Santa (15)","slug":"espetaculo-da-paixao-de-cristo-sera-encenado-na-estacao-ferroviaria-nesta-sexta-feira-santa-15","taxonomy":"post_tag","meta":[],"_links":{"self":[{"href":"https:\/\/blogdoedvaldomagalhaes.com.br\/index.php\/wp-json\/wp\/v2\/tags\/24420","targetHints":{"allow":["GET"]}}],"collection":[{"href":"https:\/\/blogdoedvaldomagalhaes.com.br\/index.php\/wp-json\/wp\/v2\/tags"}],"about":[{"href":"https:\/\/blogdoedvaldomagalhaes.com.br\/index.php\/wp-json\/wp\/v2\/taxonomies\/post_tag"}],"wp:post_type":[{"href":"https:\/\/blogdoedvaldomagalhaes.com.br\/index.php\/wp-json\/wp\/v2\/posts?tags=24420"}],"curies":[{"name":"wp","href":"https:\/\/api.w.org\/{rel}","templated":true}]}}