{"id":24382,"count":1,"description":"","link":"https:\/\/blogdoedvaldomagalhaes.com.br\/index.php\/tag\/douglas-cintra-anuncia-apoio-a-miguel-coelho-e-assume-coordenacao-de-pre-campanha-no-agreste\/","name":"Douglas Cintra anuncia apoio a Miguel Coelho e assume coordena\u00e7\u00e3o de pr\u00e9-campanha no Agreste","slug":"douglas-cintra-anuncia-apoio-a-miguel-coelho-e-assume-coordenacao-de-pre-campanha-no-agreste","taxonomy":"post_tag","meta":[],"_links":{"self":[{"href":"https:\/\/blogdoedvaldomagalhaes.com.br\/index.php\/wp-json\/wp\/v2\/tags\/24382","targetHints":{"allow":["GET"]}}],"collection":[{"href":"https:\/\/blogdoedvaldomagalhaes.com.br\/index.php\/wp-json\/wp\/v2\/tags"}],"about":[{"href":"https:\/\/blogdoedvaldomagalhaes.com.br\/index.php\/wp-json\/wp\/v2\/taxonomies\/post_tag"}],"wp:post_type":[{"href":"https:\/\/blogdoedvaldomagalhaes.com.br\/index.php\/wp-json\/wp\/v2\/posts?tags=24382"}],"curies":[{"name":"wp","href":"https:\/\/api.w.org\/{rel}","templated":true}]}}