{"id":24377,"count":1,"description":"","link":"https:\/\/blogdoedvaldomagalhaes.com.br\/index.php\/tag\/prefeito-de-caruaru-rodrigo-pinheiro-se-reune-com-vereadores-da-situacao-e-oposicao\/","name":"Prefeito de Caruaru Rodrigo Pinheiro se re\u00fane com vereadores da situa\u00e7\u00e3o e oposi\u00e7\u00e3o","slug":"prefeito-de-caruaru-rodrigo-pinheiro-se-reune-com-vereadores-da-situacao-e-oposicao","taxonomy":"post_tag","meta":[],"_links":{"self":[{"href":"https:\/\/blogdoedvaldomagalhaes.com.br\/index.php\/wp-json\/wp\/v2\/tags\/24377","targetHints":{"allow":["GET"]}}],"collection":[{"href":"https:\/\/blogdoedvaldomagalhaes.com.br\/index.php\/wp-json\/wp\/v2\/tags"}],"about":[{"href":"https:\/\/blogdoedvaldomagalhaes.com.br\/index.php\/wp-json\/wp\/v2\/taxonomies\/post_tag"}],"wp:post_type":[{"href":"https:\/\/blogdoedvaldomagalhaes.com.br\/index.php\/wp-json\/wp\/v2\/posts?tags=24377"}],"curies":[{"name":"wp","href":"https:\/\/api.w.org\/{rel}","templated":true}]}}