{"id":242,"count":1,"description":"","link":"https:\/\/blogdoedvaldomagalhaes.com.br\/index.php\/tag\/conselho-municipal-de-politica-de-cultural-de-caruaru-promove-primeira-reuniao-do-bienio-2019-2020\/","name":"Conselho Municipal de Pol\u00edtica de Cultural de Caruaru promove primeira reuni\u00e3o do bi\u00eanio 2019-2020","slug":"conselho-municipal-de-politica-de-cultural-de-caruaru-promove-primeira-reuniao-do-bienio-2019-2020","taxonomy":"post_tag","meta":[],"_links":{"self":[{"href":"https:\/\/blogdoedvaldomagalhaes.com.br\/index.php\/wp-json\/wp\/v2\/tags\/242","targetHints":{"allow":["GET"]}}],"collection":[{"href":"https:\/\/blogdoedvaldomagalhaes.com.br\/index.php\/wp-json\/wp\/v2\/tags"}],"about":[{"href":"https:\/\/blogdoedvaldomagalhaes.com.br\/index.php\/wp-json\/wp\/v2\/taxonomies\/post_tag"}],"wp:post_type":[{"href":"https:\/\/blogdoedvaldomagalhaes.com.br\/index.php\/wp-json\/wp\/v2\/posts?tags=242"}],"curies":[{"name":"wp","href":"https:\/\/api.w.org\/{rel}","templated":true}]}}