{"id":2418,"count":1,"description":"","link":"https:\/\/blogdoedvaldomagalhaes.com.br\/index.php\/tag\/veja-o-que-nao-funciona-em-caruaru-nesta-segunda-feira-28-por-causa-da-paralisacao-dos-caminhoneiros\/","name":"Veja o que n\u00e3o funciona em Caruaru nesta segunda-feira (28) por causa da paralisa\u00e7\u00e3o dos caminhoneiros","slug":"veja-o-que-nao-funciona-em-caruaru-nesta-segunda-feira-28-por-causa-da-paralisacao-dos-caminhoneiros","taxonomy":"post_tag","meta":[],"_links":{"self":[{"href":"https:\/\/blogdoedvaldomagalhaes.com.br\/index.php\/wp-json\/wp\/v2\/tags\/2418","targetHints":{"allow":["GET"]}}],"collection":[{"href":"https:\/\/blogdoedvaldomagalhaes.com.br\/index.php\/wp-json\/wp\/v2\/tags"}],"about":[{"href":"https:\/\/blogdoedvaldomagalhaes.com.br\/index.php\/wp-json\/wp\/v2\/taxonomies\/post_tag"}],"wp:post_type":[{"href":"https:\/\/blogdoedvaldomagalhaes.com.br\/index.php\/wp-json\/wp\/v2\/posts?tags=2418"}],"curies":[{"name":"wp","href":"https:\/\/api.w.org\/{rel}","templated":true}]}}