{"id":24080,"count":1,"description":"","link":"https:\/\/blogdoedvaldomagalhaes.com.br\/index.php\/tag\/tonynho-rodrigues-apresenta-a-paulo-camara-projeto-que-cria-o-cartao-da-moda-que-beneficiara-polo-de-confeccoes\/","name":"Tonynho Rodrigues apresenta a Paulo C\u00e2mara projeto que cria o Cart\u00e3o da Moda que beneficiar\u00e1 Polo de Confec\u00e7\u00f5es","slug":"tonynho-rodrigues-apresenta-a-paulo-camara-projeto-que-cria-o-cartao-da-moda-que-beneficiara-polo-de-confeccoes","taxonomy":"post_tag","meta":[],"_links":{"self":[{"href":"https:\/\/blogdoedvaldomagalhaes.com.br\/index.php\/wp-json\/wp\/v2\/tags\/24080","targetHints":{"allow":["GET"]}}],"collection":[{"href":"https:\/\/blogdoedvaldomagalhaes.com.br\/index.php\/wp-json\/wp\/v2\/tags"}],"about":[{"href":"https:\/\/blogdoedvaldomagalhaes.com.br\/index.php\/wp-json\/wp\/v2\/taxonomies\/post_tag"}],"wp:post_type":[{"href":"https:\/\/blogdoedvaldomagalhaes.com.br\/index.php\/wp-json\/wp\/v2\/posts?tags=24080"}],"curies":[{"name":"wp","href":"https:\/\/api.w.org\/{rel}","templated":true}]}}