{"id":24076,"count":1,"description":"","link":"https:\/\/blogdoedvaldomagalhaes.com.br\/index.php\/tag\/empresario-ameaca-demolir-bilheteira-do-estadio-do-central-e-maquina-e-apreendida-por-falta-de-documentacao\/","name":"Empres\u00e1rio amea\u00e7a demolir bilheteira do Est\u00e1dio do Central e m\u00e1quina \u00e9 apreendida por falta de documenta\u00e7\u00e3o","slug":"empresario-ameaca-demolir-bilheteira-do-estadio-do-central-e-maquina-e-apreendida-por-falta-de-documentacao","taxonomy":"post_tag","meta":[],"_links":{"self":[{"href":"https:\/\/blogdoedvaldomagalhaes.com.br\/index.php\/wp-json\/wp\/v2\/tags\/24076","targetHints":{"allow":["GET"]}}],"collection":[{"href":"https:\/\/blogdoedvaldomagalhaes.com.br\/index.php\/wp-json\/wp\/v2\/tags"}],"about":[{"href":"https:\/\/blogdoedvaldomagalhaes.com.br\/index.php\/wp-json\/wp\/v2\/taxonomies\/post_tag"}],"wp:post_type":[{"href":"https:\/\/blogdoedvaldomagalhaes.com.br\/index.php\/wp-json\/wp\/v2\/posts?tags=24076"}],"curies":[{"name":"wp","href":"https:\/\/api.w.org\/{rel}","templated":true}]}}