{"id":23744,"count":1,"description":"","link":"https:\/\/blogdoedvaldomagalhaes.com.br\/index.php\/tag\/procon-pe-orienta-sobre-direitos-do-consumidor-referentes-a-matricula-e-a-compra-de-material-escolar\/","name":"Procon-PE orienta sobre direitos do consumidor referentes \u00e0 matr\u00edcula e \u00e0 compra de material escolar","slug":"procon-pe-orienta-sobre-direitos-do-consumidor-referentes-a-matricula-e-a-compra-de-material-escolar","taxonomy":"post_tag","meta":[],"_links":{"self":[{"href":"https:\/\/blogdoedvaldomagalhaes.com.br\/index.php\/wp-json\/wp\/v2\/tags\/23744","targetHints":{"allow":["GET"]}}],"collection":[{"href":"https:\/\/blogdoedvaldomagalhaes.com.br\/index.php\/wp-json\/wp\/v2\/tags"}],"about":[{"href":"https:\/\/blogdoedvaldomagalhaes.com.br\/index.php\/wp-json\/wp\/v2\/taxonomies\/post_tag"}],"wp:post_type":[{"href":"https:\/\/blogdoedvaldomagalhaes.com.br\/index.php\/wp-json\/wp\/v2\/posts?tags=23744"}],"curies":[{"name":"wp","href":"https:\/\/api.w.org\/{rel}","templated":true}]}}