{"id":23669,"count":1,"description":"","link":"https:\/\/blogdoedvaldomagalhaes.com.br\/index.php\/tag\/jantar-beneficente-com-padre-fabio-de-melo-arrecada-r-234-mil-para-causa-de-beatificacao-de-dom-helder-camara\/","name":"Jantar beneficente com padre F\u00e1bio de Melo arrecada R$ 234 mil para causa de beatifica\u00e7\u00e3o de Dom H\u00e9lder C\u00e2mara","slug":"jantar-beneficente-com-padre-fabio-de-melo-arrecada-r-234-mil-para-causa-de-beatificacao-de-dom-helder-camara","taxonomy":"post_tag","meta":[],"_links":{"self":[{"href":"https:\/\/blogdoedvaldomagalhaes.com.br\/index.php\/wp-json\/wp\/v2\/tags\/23669","targetHints":{"allow":["GET"]}}],"collection":[{"href":"https:\/\/blogdoedvaldomagalhaes.com.br\/index.php\/wp-json\/wp\/v2\/tags"}],"about":[{"href":"https:\/\/blogdoedvaldomagalhaes.com.br\/index.php\/wp-json\/wp\/v2\/taxonomies\/post_tag"}],"wp:post_type":[{"href":"https:\/\/blogdoedvaldomagalhaes.com.br\/index.php\/wp-json\/wp\/v2\/posts?tags=23669"}],"curies":[{"name":"wp","href":"https:\/\/api.w.org\/{rel}","templated":true}]}}