{"id":2364,"count":1,"description":"","link":"https:\/\/blogdoedvaldomagalhaes.com.br\/index.php\/tag\/centro-integrado-de-monitoramento-e-gestao-de-eventos-vai-atuar-com-45-cameras-no-sao-joao-de-caruaru\/","name":"Centro Integrado de Monitoramento e Gest\u00e3o de Eventos vai atuar com 45 c\u00e2meras no S\u00e3o Jo\u00e3o de Caruaru","slug":"centro-integrado-de-monitoramento-e-gestao-de-eventos-vai-atuar-com-45-cameras-no-sao-joao-de-caruaru","taxonomy":"post_tag","meta":[],"_links":{"self":[{"href":"https:\/\/blogdoedvaldomagalhaes.com.br\/index.php\/wp-json\/wp\/v2\/tags\/2364","targetHints":{"allow":["GET"]}}],"collection":[{"href":"https:\/\/blogdoedvaldomagalhaes.com.br\/index.php\/wp-json\/wp\/v2\/tags"}],"about":[{"href":"https:\/\/blogdoedvaldomagalhaes.com.br\/index.php\/wp-json\/wp\/v2\/taxonomies\/post_tag"}],"wp:post_type":[{"href":"https:\/\/blogdoedvaldomagalhaes.com.br\/index.php\/wp-json\/wp\/v2\/posts?tags=2364"}],"curies":[{"name":"wp","href":"https:\/\/api.w.org\/{rel}","templated":true}]}}