{"id":23603,"count":1,"description":"","link":"https:\/\/blogdoedvaldomagalhaes.com.br\/index.php\/tag\/tony-gel-pede-requalificacao-da-unidade-de-dessalinizacao-de-agua-da-vila-de-pau-santo-em-caruaru\/","name":"Tony Gel pede requalifica\u00e7\u00e3o da unidade de dessaliniza\u00e7\u00e3o\u00a0de \u00e1gua da Vila de Pau Santo em Caruaru","slug":"tony-gel-pede-requalificacao-da-unidade-de-dessalinizacao-de-agua-da-vila-de-pau-santo-em-caruaru","taxonomy":"post_tag","meta":[],"_links":{"self":[{"href":"https:\/\/blogdoedvaldomagalhaes.com.br\/index.php\/wp-json\/wp\/v2\/tags\/23603","targetHints":{"allow":["GET"]}}],"collection":[{"href":"https:\/\/blogdoedvaldomagalhaes.com.br\/index.php\/wp-json\/wp\/v2\/tags"}],"about":[{"href":"https:\/\/blogdoedvaldomagalhaes.com.br\/index.php\/wp-json\/wp\/v2\/taxonomies\/post_tag"}],"wp:post_type":[{"href":"https:\/\/blogdoedvaldomagalhaes.com.br\/index.php\/wp-json\/wp\/v2\/posts?tags=23603"}],"curies":[{"name":"wp","href":"https:\/\/api.w.org\/{rel}","templated":true}]}}