{"id":23592,"count":1,"description":"","link":"https:\/\/blogdoedvaldomagalhaes.com.br\/index.php\/tag\/raquel-lyra-envia-projeto-de-lei-para-a-camara-que-repassa-verba-do-fundeb-para-profissionais-da-educacao\/","name":"Raquel Lyra envia Projeto de Lei para a C\u00e2mara que repassa verba do FUNDEB para profissionais da educa\u00e7\u00e3o","slug":"raquel-lyra-envia-projeto-de-lei-para-a-camara-que-repassa-verba-do-fundeb-para-profissionais-da-educacao","taxonomy":"post_tag","meta":[],"_links":{"self":[{"href":"https:\/\/blogdoedvaldomagalhaes.com.br\/index.php\/wp-json\/wp\/v2\/tags\/23592","targetHints":{"allow":["GET"]}}],"collection":[{"href":"https:\/\/blogdoedvaldomagalhaes.com.br\/index.php\/wp-json\/wp\/v2\/tags"}],"about":[{"href":"https:\/\/blogdoedvaldomagalhaes.com.br\/index.php\/wp-json\/wp\/v2\/taxonomies\/post_tag"}],"wp:post_type":[{"href":"https:\/\/blogdoedvaldomagalhaes.com.br\/index.php\/wp-json\/wp\/v2\/posts?tags=23592"}],"curies":[{"name":"wp","href":"https:\/\/api.w.org\/{rel}","templated":true}]}}