{"id":23242,"count":1,"description":"","link":"https:\/\/blogdoedvaldomagalhaes.com.br\/index.php\/tag\/filme-da-diretora-eryka-vasconcelos-ganha-premio-de-melhor-curta-de-terrorna-franca\/","name":"Filme da diretora \u00c9ryka Vasconcelos ganha pr\u00eamio de &quot;Melhor Curta de Terror&quot;na Fran\u00e7a","slug":"filme-da-diretora-eryka-vasconcelos-ganha-premio-de-melhor-curta-de-terrorna-franca","taxonomy":"post_tag","meta":[],"_links":{"self":[{"href":"https:\/\/blogdoedvaldomagalhaes.com.br\/index.php\/wp-json\/wp\/v2\/tags\/23242","targetHints":{"allow":["GET"]}}],"collection":[{"href":"https:\/\/blogdoedvaldomagalhaes.com.br\/index.php\/wp-json\/wp\/v2\/tags"}],"about":[{"href":"https:\/\/blogdoedvaldomagalhaes.com.br\/index.php\/wp-json\/wp\/v2\/taxonomies\/post_tag"}],"wp:post_type":[{"href":"https:\/\/blogdoedvaldomagalhaes.com.br\/index.php\/wp-json\/wp\/v2\/posts?tags=23242"}],"curies":[{"name":"wp","href":"https:\/\/api.w.org\/{rel}","templated":true}]}}