{"id":23236,"count":1,"description":"","link":"https:\/\/blogdoedvaldomagalhaes.com.br\/index.php\/tag\/audiencia-publica-debate-o-reconhecimento-dos-animais-nao-humanos-como-seres-sencientes-em-caruaru\/","name":"Audi\u00eancia p\u00fablica debate o reconhecimento dos animais n\u00e3o-humanos como seres sencientes em Caruaru","slug":"audiencia-publica-debate-o-reconhecimento-dos-animais-nao-humanos-como-seres-sencientes-em-caruaru","taxonomy":"post_tag","meta":[],"_links":{"self":[{"href":"https:\/\/blogdoedvaldomagalhaes.com.br\/index.php\/wp-json\/wp\/v2\/tags\/23236","targetHints":{"allow":["GET"]}}],"collection":[{"href":"https:\/\/blogdoedvaldomagalhaes.com.br\/index.php\/wp-json\/wp\/v2\/tags"}],"about":[{"href":"https:\/\/blogdoedvaldomagalhaes.com.br\/index.php\/wp-json\/wp\/v2\/taxonomies\/post_tag"}],"wp:post_type":[{"href":"https:\/\/blogdoedvaldomagalhaes.com.br\/index.php\/wp-json\/wp\/v2\/posts?tags=23236"}],"curies":[{"name":"wp","href":"https:\/\/api.w.org\/{rel}","templated":true}]}}