{"id":23234,"count":1,"description":"","link":"https:\/\/blogdoedvaldomagalhaes.com.br\/index.php\/tag\/confira-as-datas-da-vacinacao-antirrabica-em-caruaru-para-cerca-de-30-mil-caes-e-gatos\/","name":"Confira as datas da vacina\u00e7\u00e3o antirr\u00e1bica em Caruaru para cerca de 30 mil c\u00e3es e gatos","slug":"confira-as-datas-da-vacinacao-antirrabica-em-caruaru-para-cerca-de-30-mil-caes-e-gatos","taxonomy":"post_tag","meta":[],"_links":{"self":[{"href":"https:\/\/blogdoedvaldomagalhaes.com.br\/index.php\/wp-json\/wp\/v2\/tags\/23234","targetHints":{"allow":["GET"]}}],"collection":[{"href":"https:\/\/blogdoedvaldomagalhaes.com.br\/index.php\/wp-json\/wp\/v2\/tags"}],"about":[{"href":"https:\/\/blogdoedvaldomagalhaes.com.br\/index.php\/wp-json\/wp\/v2\/taxonomies\/post_tag"}],"wp:post_type":[{"href":"https:\/\/blogdoedvaldomagalhaes.com.br\/index.php\/wp-json\/wp\/v2\/posts?tags=23234"}],"curies":[{"name":"wp","href":"https:\/\/api.w.org\/{rel}","templated":true}]}}