{"id":23200,"count":1,"description":"","link":"https:\/\/blogdoedvaldomagalhaes.com.br\/index.php\/tag\/abmam-realiza-acao-do-outubro-rosa-com-varias-acoes-nesta-segunda-feira-25\/","name":"ABMAM realiza a\u00e7\u00e3o do &quot;Outubro Rosa&quot; com v\u00e1rias a\u00e7\u00f5es nesta segunda-feira (25)","slug":"abmam-realiza-acao-do-outubro-rosa-com-varias-acoes-nesta-segunda-feira-25","taxonomy":"post_tag","meta":[],"_links":{"self":[{"href":"https:\/\/blogdoedvaldomagalhaes.com.br\/index.php\/wp-json\/wp\/v2\/tags\/23200","targetHints":{"allow":["GET"]}}],"collection":[{"href":"https:\/\/blogdoedvaldomagalhaes.com.br\/index.php\/wp-json\/wp\/v2\/tags"}],"about":[{"href":"https:\/\/blogdoedvaldomagalhaes.com.br\/index.php\/wp-json\/wp\/v2\/taxonomies\/post_tag"}],"wp:post_type":[{"href":"https:\/\/blogdoedvaldomagalhaes.com.br\/index.php\/wp-json\/wp\/v2\/posts?tags=23200"}],"curies":[{"name":"wp","href":"https:\/\/api.w.org\/{rel}","templated":true}]}}